{"id":836,"date":"2024-06-01T09:48:20","date_gmt":"2024-06-01T07:48:20","guid":{"rendered":"https:\/\/liftalbert.be\/?p=836"},"modified":"2024-05-15T07:34:34","modified_gmt":"2024-05-15T05:34:34","slug":"waarom-de-zomer-de-ideale-tijd-is-om-te-verhuizen-in-belgie","status":"publish","type":"post","link":"https:\/\/liftalbert.be\/fr\/waarom-de-zomer-de-ideale-tijd-is-om-te-verhuizen-in-belgie\/","title":{"rendered":"Pourquoi l&rsquo;\u00c9t\u00e9 est une P\u00e9riode Id\u00e9ale pour D\u00e9m\u00e9nager en Belgique"},"content":{"rendered":"\n<p>D\u00e9m\u00e9nager en \u00e9t\u00e9 en Belgique pr\u00e9sente de nombreux avantages qui peuvent rendre cette p\u00e9riode particuli\u00e8rement attrayante pour ceux qui envisagent de changer de domicile. Voici quelques raisons pour lesquelles l&rsquo;\u00e9t\u00e9 est une p\u00e9riode id\u00e9ale pour d\u00e9m\u00e9nager en Belgique :<\/p>\n\n\n\n<p><strong>1. Conditions M\u00e9t\u00e9orologiques Favorables<\/strong><\/p>\n\n\n\n<p>L&rsquo;\u00e9t\u00e9 en Belgique est g\u00e9n\u00e9ralement caract\u00e9ris\u00e9 par des journ\u00e9es ensoleill\u00e9es, des temp\u00e9ratures agr\u00e9ables et des pr\u00e9cipitations moins fr\u00e9quentes par rapport aux autres saisons. Cela rend le d\u00e9m\u00e9nagement beaucoup plus agr\u00e9able, car vous pouvez profiter de conditions m\u00e9t\u00e9orologiques plus cl\u00e9mentes pour charger et d\u00e9charger vos biens sans craindre d&rsquo;\u00eatre g\u00ean\u00e9 par la pluie ou le froid.<\/p>\n\n\n\n<p><strong>2. Disponibilit\u00e9 des Services de D\u00e9m\u00e9nagement<\/strong><\/p>\n\n\n\n<p>\u00c9tant donn\u00e9 que l&rsquo;\u00e9t\u00e9 est la p\u00e9riode de pointe pour les d\u00e9m\u00e9nagements, de nombreuses entreprises de d\u00e9m\u00e9nagement sont en pleine activit\u00e9 pendant cette p\u00e9riode. Cela signifie qu&rsquo;il peut \u00eatre plus facile de trouver un d\u00e9m\u00e9nageur disponible pour vous aider avec votre d\u00e9m\u00e9nagement, et vous avez \u00e9galement plus de flexibilit\u00e9 pour choisir la date et l&rsquo;heure qui vous conviennent.<\/p>\n\n\n\n<p><strong>3. Vacances Scolaires et Disponibilit\u00e9 des Membres de la Famille<\/strong><\/p>\n\n\n\n<p>Pour de nombreuses familles, l&rsquo;\u00e9t\u00e9 est la p\u00e9riode id\u00e9ale pour d\u00e9m\u00e9nager car les enfants sont en vacances scolaires. Cela signifie que les enfants peuvent aider \u00e0 participer au processus de d\u00e9m\u00e9nagement sans \u00eatre g\u00ean\u00e9s par les responsabilit\u00e9s scolaires. De plus, les membres de la famille peuvent avoir plus de temps libre pour aider avec le d\u00e9m\u00e9nagement, ce qui peut rendre le processus plus rapide et plus efficace.<\/p>\n\n\n\n<p><strong>4. P\u00e9riode de Transition Id\u00e9ale<\/strong><\/p>\n\n\n\n<p>L&rsquo;\u00e9t\u00e9 marque souvent le d\u00e9but d&rsquo;une nouvelle p\u00e9riode de vie pour de nombreuses personnes, avec de nouveaux emplois, des opportunit\u00e9s d&rsquo;\u00e9tudes ou des changements de carri\u00e8re. D\u00e9m\u00e9nager pendant cette p\u00e9riode peut donc repr\u00e9senter une transition id\u00e9ale vers de nouveaux d\u00e9parts et de nouvelles opportunit\u00e9s. De plus, le temps chaud et ensoleill\u00e9 peut aider \u00e0 cr\u00e9er un environnement positif et \u00e9nergique pour commencer cette nouvelle \u00e9tape de la vie.<\/p>\n\n\n\n<p>En conclusion, d\u00e9m\u00e9nager en \u00e9t\u00e9 en Belgique offre de nombreux avantages, notamment des conditions m\u00e9t\u00e9orologiques favorables, une disponibilit\u00e9 accrue des services de d\u00e9m\u00e9nagement, la disponibilit\u00e9 des membres de la famille et des vacances scolaires pour les enfants, ainsi qu&rsquo;une p\u00e9riode de transition id\u00e9ale vers de nouveaux d\u00e9parts. Si vous envisagez de d\u00e9m\u00e9nager en Belgique, l&rsquo;\u00e9t\u00e9 pourrait \u00eatre le moment id\u00e9al pour entreprendre cette importante \u00e9tape de la vie.<\/p>\n\n\n\n<p><br><\/p>\n\n\n\n<p>Lift Albert est bien plus qu&rsquo;une simple entreprise de d\u00e9m\u00e9nagement. Avec notre engagement envers l&rsquo;excellence du service client et notre passion pour simplifier vos transitions, nous sommes l\u00e0 pour rendre votre d\u00e9m\u00e9nagement aussi fluide que possible. Que vous ayez besoin d&rsquo;une location de lift, d&rsquo;un camion avec chauffeur, ou m\u00eame de services de vide-maison, notre \u00e9quipe d\u00e9vou\u00e9e est pr\u00eate \u00e0 r\u00e9pondre \u00e0 tous vos besoins de d\u00e9m\u00e9nagement. Avec Lift Albert, vous pouvez vous attendre \u00e0 un service fiable, professionnel et personnalis\u00e9 \u00e0 chaque \u00e9tape du processus. Faites confiance \u00e0 Lift Albert pour rendre votre d\u00e9m\u00e9nagement aussi facile et sans stress que possible.<\/p>\n\n\n\n<p><strong>Nos Services :<\/strong><\/p>\n\n\n\n<ul>\n<li>Location de lift<\/li>\n\n\n\n<li>Location de camion et de fourgon avec chauffeur<\/li>\n\n\n\n<li>Vidage de maison<\/li>\n\n\n\n<li>Nettoyage de chantier<\/li>\n<\/ul>\n\n\n\n<p><strong>Nos Zones d&rsquo;Intervention :<\/strong> Nous desservons un large \u00e9ventail de lieux en Belgique, notamment :<\/p>\n\n\n\n<ul>\n<li>Bruxelles<\/li>\n\n\n\n<li>Malines<\/li>\n\n\n\n<li>Vilvorde<\/li>\n\n\n\n<li>Wavre<\/li>\n\n\n\n<li>Waterloo<\/li>\n\n\n\n<li>Meise<\/li>\n\n\n\n<li>Et de nombreuses autres villes et villages dans un rayon de 50 km autour de Bruxelles.<\/li>\n<\/ul>\n\n\n\n<p>Avec Lift Albert, votre d\u00e9m\u00e9nagement est entre de bonnes mains, o\u00f9 que vous soyez dans nos zones de service.<\/p>\n","protected":false},"excerpt":{"rendered":"<p>D\u00e9m\u00e9nager en \u00e9t\u00e9 en Belgique pr\u00e9sente de nombreux avantages qui peuvent rendre cette p\u00e9riode particuli\u00e8rement attrayante pour ceux qui envisagent&nbsp;[&hellip;]<\/p>\n","protected":false},"author":3,"featured_media":934,"comment_status":"open","ping_status":"open","sticky":false,"template":"","format":"standard","meta":{"ngg_post_thumbnail":0,"footnotes":""},"categories":[8],"tags":[],"translation":{"provider":"WPGlobus","version":"2.12.2","language":"fr","enabled_languages":["nl","fr"],"languages":{"nl":{"title":true,"content":true,"excerpt":false},"fr":{"title":true,"content":true,"excerpt":false}}},"yoast_head":"<!-- This site is optimized with the Yoast SEO plugin v22.3 - https:\/\/yoast.com\/wordpress\/plugins\/seo\/ -->\n<title>Pourquoi l&#039;\u00c9t\u00e9 est une P\u00e9riode Id\u00e9ale pour D\u00e9m\u00e9nager en Belgique - LiftAlbert.be<\/title>\n<meta name=\"robots\" content=\"index, follow, max-snippet:-1, max-image-preview:large, max-video-preview:-1\" \/>\n<link rel=\"canonical\" href=\"https:\/\/liftalbert.be\/waarom-de-zomer-de-ideale-tijd-is-om-te-verhuizen-in-belgie\/\" \/>\n<meta property=\"og:locale\" content=\"fr_FR\" \/>\n<meta property=\"og:type\" content=\"article\" \/>\n<meta property=\"og:title\" content=\"Pourquoi l&#039;\u00c9t\u00e9 est une P\u00e9riode Id\u00e9ale pour D\u00e9m\u00e9nager en Belgique - LiftAlbert.be\" \/>\n<meta property=\"og:url\" content=\"https:\/\/liftalbert.be\/waarom-de-zomer-de-ideale-tijd-is-om-te-verhuizen-in-belgie\/\" \/>\n<meta property=\"og:site_name\" content=\"LiftAlbert.be\" \/>\n<meta property=\"article:published_time\" content=\"2024-06-01T07:48:20+00:00\" \/>\n<meta property=\"article:modified_time\" content=\"2024-05-15T05:34:34+00:00\" \/>\n<meta property=\"og:image\" content=\"https:\/\/liftalbert.be\/wp-content\/uploads\/2024\/06\/verhuisfirma-goedkoop-liftservice.jpg\" \/>\n\t<meta property=\"og:image:width\" content=\"1000\" \/>\n\t<meta property=\"og:image:height\" content=\"667\" \/>\n\t<meta property=\"og:image:type\" content=\"image\/jpeg\" \/>\n<meta name=\"author\" content=\"Lilia\" \/>\n<meta name=\"twitter:card\" content=\"summary_large_image\" \/>\n<meta name=\"twitter:label1\" content=\"\u00c9crit par\" \/>\n\t<meta name=\"twitter:data1\" content=\"Lilia\" \/>\n\t<meta name=\"twitter:label2\" content=\"Dur\u00e9e de lecture estim\u00e9e\" \/>\n\t<meta name=\"twitter:data2\" content=\"3 minutes\" \/>\n<script type=\"application\/ld+json\" class=\"yoast-schema-graph\">{\"@context\":\"https:\/\/schema.org\",\"@graph\":[{\"@type\":\"Article\",\"@id\":\"https:\/\/liftalbert.be\/waarom-de-zomer-de-ideale-tijd-is-om-te-verhuizen-in-belgie\/#article\",\"isPartOf\":{\"@id\":\"https:\/\/liftalbert.be\/waarom-de-zomer-de-ideale-tijd-is-om-te-verhuizen-in-belgie\/\"},\"author\":{\"name\":\"Lilia\",\"@id\":\"https:\/\/liftalbert.be\/#\/schema\/person\/209d71dfc7574bc2cfee83c0200a4b43\"},\"headline\":\"Pourquoi l&rsquo;\u00c9t\u00e9 est une P\u00e9riode Id\u00e9ale pour D\u00e9m\u00e9nager en Belgique\",\"datePublished\":\"2024-06-01T07:48:20+00:00\",\"dateModified\":\"2024-05-15T05:34:34+00:00\",\"mainEntityOfPage\":{\"@id\":\"https:\/\/liftalbert.be\/waarom-de-zomer-de-ideale-tijd-is-om-te-verhuizen-in-belgie\/\"},\"wordCount\":1172,\"commentCount\":0,\"publisher\":{\"@id\":\"https:\/\/liftalbert.be\/#organization\"},\"image\":{\"@id\":\"https:\/\/liftalbert.be\/waarom-de-zomer-de-ideale-tijd-is-om-te-verhuizen-in-belgie\/#primaryimage\"},\"thumbnailUrl\":\"https:\/\/liftalbert.be\/wp-content\/uploads\/2024\/06\/verhuisfirma-goedkoop-liftservice.jpg\",\"articleSection\":[\"Entreprise de d\u00e9m\u00e9nagement prix\"],\"inLanguage\":\"fr-FR\",\"potentialAction\":[{\"@type\":\"CommentAction\",\"name\":\"Comment\",\"target\":[\"https:\/\/liftalbert.be\/waarom-de-zomer-de-ideale-tijd-is-om-te-verhuizen-in-belgie\/#respond\"]}]},{\"@type\":\"WebPage\",\"@id\":\"https:\/\/liftalbert.be\/waarom-de-zomer-de-ideale-tijd-is-om-te-verhuizen-in-belgie\/\",\"url\":\"https:\/\/liftalbert.be\/waarom-de-zomer-de-ideale-tijd-is-om-te-verhuizen-in-belgie\/\",\"name\":\"Pourquoi l'\u00c9t\u00e9 est une P\u00e9riode Id\u00e9ale pour D\u00e9m\u00e9nager en Belgique - LiftAlbert.be\",\"isPartOf\":{\"@id\":\"https:\/\/liftalbert.be\/#website\"},\"primaryImageOfPage\":{\"@id\":\"https:\/\/liftalbert.be\/waarom-de-zomer-de-ideale-tijd-is-om-te-verhuizen-in-belgie\/#primaryimage\"},\"image\":{\"@id\":\"https:\/\/liftalbert.be\/waarom-de-zomer-de-ideale-tijd-is-om-te-verhuizen-in-belgie\/#primaryimage\"},\"thumbnailUrl\":\"https:\/\/liftalbert.be\/wp-content\/uploads\/2024\/06\/verhuisfirma-goedkoop-liftservice.jpg\",\"datePublished\":\"2024-06-01T07:48:20+00:00\",\"dateModified\":\"2024-05-15T05:34:34+00:00\",\"breadcrumb\":{\"@id\":\"https:\/\/liftalbert.be\/waarom-de-zomer-de-ideale-tijd-is-om-te-verhuizen-in-belgie\/#breadcrumb\"},\"inLanguage\":\"fr-FR\",\"potentialAction\":[{\"@type\":\"ReadAction\",\"target\":[\"https:\/\/liftalbert.be\/waarom-de-zomer-de-ideale-tijd-is-om-te-verhuizen-in-belgie\/\"]}]},{\"@type\":\"ImageObject\",\"inLanguage\":\"fr-FR\",\"@id\":\"https:\/\/liftalbert.be\/waarom-de-zomer-de-ideale-tijd-is-om-te-verhuizen-in-belgie\/#primaryimage\",\"url\":\"https:\/\/liftalbert.be\/wp-content\/uploads\/2024\/06\/verhuisfirma-goedkoop-liftservice.jpg\",\"contentUrl\":\"https:\/\/liftalbert.be\/wp-content\/uploads\/2024\/06\/verhuisfirma-goedkoop-liftservice.jpg\",\"width\":1000,\"height\":667},{\"@type\":\"BreadcrumbList\",\"@id\":\"https:\/\/liftalbert.be\/waarom-de-zomer-de-ideale-tijd-is-om-te-verhuizen-in-belgie\/#breadcrumb\",\"itemListElement\":[{\"@type\":\"ListItem\",\"position\":1,\"name\":\"Home\",\"item\":\"https:\/\/liftalbert.be\/\"},{\"@type\":\"ListItem\",\"position\":2,\"name\":\"Waarom de Zomer de Ideale Tijd is om te Verhuizen in Belgi\u00eb\"}]},{\"@type\":\"WebSite\",\"@id\":\"https:\/\/liftalbert.be\/#website\",\"url\":\"https:\/\/liftalbert.be\/\",\"name\":\"LiftAlbert.be\",\"description\":\"\",\"publisher\":{\"@id\":\"https:\/\/liftalbert.be\/#organization\"},\"potentialAction\":[{\"@type\":\"SearchAction\",\"target\":{\"@type\":\"EntryPoint\",\"urlTemplate\":\"https:\/\/liftalbert.be\/?s={search_term_string}\"},\"query-input\":\"required name=search_term_string\"}],\"inLanguage\":\"fr-FR\"},{\"@type\":\"Organization\",\"@id\":\"https:\/\/liftalbert.be\/#organization\",\"name\":\"Lift Albert\",\"url\":\"https:\/\/liftalbert.be\/\",\"logo\":{\"@type\":\"ImageObject\",\"inLanguage\":\"fr-FR\",\"@id\":\"https:\/\/liftalbert.be\/#\/schema\/logo\/image\/\",\"url\":\"https:\/\/liftalbert.be\/wp-content\/uploads\/2022\/09\/cropped-Logo-Lift-Albert.png\",\"contentUrl\":\"https:\/\/liftalbert.be\/wp-content\/uploads\/2022\/09\/cropped-Logo-Lift-Albert.png\",\"width\":200,\"height\":40,\"caption\":\"Lift Albert\"},\"image\":{\"@id\":\"https:\/\/liftalbert.be\/#\/schema\/logo\/image\/\"}},{\"@type\":\"Person\",\"@id\":\"https:\/\/liftalbert.be\/#\/schema\/person\/209d71dfc7574bc2cfee83c0200a4b43\",\"name\":\"Lilia\",\"image\":{\"@type\":\"ImageObject\",\"inLanguage\":\"fr-FR\",\"@id\":\"https:\/\/liftalbert.be\/#\/schema\/person\/image\/\",\"url\":\"https:\/\/secure.gravatar.com\/avatar\/2640f7e7d81c8c117b0f291237f2b286?s=96&d=mm&r=g\",\"contentUrl\":\"https:\/\/secure.gravatar.com\/avatar\/2640f7e7d81c8c117b0f291237f2b286?s=96&d=mm&r=g\",\"caption\":\"Lilia\"},\"url\":\"https:\/\/liftalbert.be\/fr\/author\/lilia\/\"}]}<\/script>\n<!-- \/ Yoast SEO plugin. -->","yoast_head_json":{"title":"Pourquoi l'\u00c9t\u00e9 est une P\u00e9riode Id\u00e9ale pour D\u00e9m\u00e9nager en Belgique - LiftAlbert.be","robots":{"index":"index","follow":"follow","max-snippet":"max-snippet:-1","max-image-preview":"max-image-preview:large","max-video-preview":"max-video-preview:-1"},"canonical":"https:\/\/liftalbert.be\/waarom-de-zomer-de-ideale-tijd-is-om-te-verhuizen-in-belgie\/","og_locale":"fr_FR","og_type":"article","og_title":"Pourquoi l'\u00c9t\u00e9 est une P\u00e9riode Id\u00e9ale pour D\u00e9m\u00e9nager en Belgique - LiftAlbert.be","og_url":"https:\/\/liftalbert.be\/waarom-de-zomer-de-ideale-tijd-is-om-te-verhuizen-in-belgie\/","og_site_name":"LiftAlbert.be","article_published_time":"2024-06-01T07:48:20+00:00","article_modified_time":"2024-05-15T05:34:34+00:00","og_image":[{"width":1000,"height":667,"url":"https:\/\/liftalbert.be\/wp-content\/uploads\/2024\/06\/verhuisfirma-goedkoop-liftservice.jpg","type":"image\/jpeg"}],"author":"Lilia","twitter_card":"summary_large_image","twitter_misc":{"\u00c9crit par":"Lilia","Dur\u00e9e de lecture estim\u00e9e":"3 minutes"},"schema":{"@context":"https:\/\/schema.org","@graph":[{"@type":"Article","@id":"https:\/\/liftalbert.be\/waarom-de-zomer-de-ideale-tijd-is-om-te-verhuizen-in-belgie\/#article","isPartOf":{"@id":"https:\/\/liftalbert.be\/waarom-de-zomer-de-ideale-tijd-is-om-te-verhuizen-in-belgie\/"},"author":{"name":"Lilia","@id":"https:\/\/liftalbert.be\/#\/schema\/person\/209d71dfc7574bc2cfee83c0200a4b43"},"headline":"Pourquoi l&rsquo;\u00c9t\u00e9 est une P\u00e9riode Id\u00e9ale pour D\u00e9m\u00e9nager en Belgique","datePublished":"2024-06-01T07:48:20+00:00","dateModified":"2024-05-15T05:34:34+00:00","mainEntityOfPage":{"@id":"https:\/\/liftalbert.be\/waarom-de-zomer-de-ideale-tijd-is-om-te-verhuizen-in-belgie\/"},"wordCount":1172,"commentCount":0,"publisher":{"@id":"https:\/\/liftalbert.be\/#organization"},"image":{"@id":"https:\/\/liftalbert.be\/waarom-de-zomer-de-ideale-tijd-is-om-te-verhuizen-in-belgie\/#primaryimage"},"thumbnailUrl":"https:\/\/liftalbert.be\/wp-content\/uploads\/2024\/06\/verhuisfirma-goedkoop-liftservice.jpg","articleSection":["Entreprise de d\u00e9m\u00e9nagement prix"],"inLanguage":"fr-FR","potentialAction":[{"@type":"CommentAction","name":"Comment","target":["https:\/\/liftalbert.be\/waarom-de-zomer-de-ideale-tijd-is-om-te-verhuizen-in-belgie\/#respond"]}]},{"@type":"WebPage","@id":"https:\/\/liftalbert.be\/waarom-de-zomer-de-ideale-tijd-is-om-te-verhuizen-in-belgie\/","url":"https:\/\/liftalbert.be\/waarom-de-zomer-de-ideale-tijd-is-om-te-verhuizen-in-belgie\/","name":"Pourquoi l'\u00c9t\u00e9 est une P\u00e9riode Id\u00e9ale pour D\u00e9m\u00e9nager en Belgique - LiftAlbert.be","isPartOf":{"@id":"https:\/\/liftalbert.be\/#website"},"primaryImageOfPage":{"@id":"https:\/\/liftalbert.be\/waarom-de-zomer-de-ideale-tijd-is-om-te-verhuizen-in-belgie\/#primaryimage"},"image":{"@id":"https:\/\/liftalbert.be\/waarom-de-zomer-de-ideale-tijd-is-om-te-verhuizen-in-belgie\/#primaryimage"},"thumbnailUrl":"https:\/\/liftalbert.be\/wp-content\/uploads\/2024\/06\/verhuisfirma-goedkoop-liftservice.jpg","datePublished":"2024-06-01T07:48:20+00:00","dateModified":"2024-05-15T05:34:34+00:00","breadcrumb":{"@id":"https:\/\/liftalbert.be\/waarom-de-zomer-de-ideale-tijd-is-om-te-verhuizen-in-belgie\/#breadcrumb"},"inLanguage":"fr-FR","potentialAction":[{"@type":"ReadAction","target":["https:\/\/liftalbert.be\/waarom-de-zomer-de-ideale-tijd-is-om-te-verhuizen-in-belgie\/"]}]},{"@type":"ImageObject","inLanguage":"fr-FR","@id":"https:\/\/liftalbert.be\/waarom-de-zomer-de-ideale-tijd-is-om-te-verhuizen-in-belgie\/#primaryimage","url":"https:\/\/liftalbert.be\/wp-content\/uploads\/2024\/06\/verhuisfirma-goedkoop-liftservice.jpg","contentUrl":"https:\/\/liftalbert.be\/wp-content\/uploads\/2024\/06\/verhuisfirma-goedkoop-liftservice.jpg","width":1000,"height":667},{"@type":"BreadcrumbList","@id":"https:\/\/liftalbert.be\/waarom-de-zomer-de-ideale-tijd-is-om-te-verhuizen-in-belgie\/#breadcrumb","itemListElement":[{"@type":"ListItem","position":1,"name":"Home","item":"https:\/\/liftalbert.be\/"},{"@type":"ListItem","position":2,"name":"Waarom de Zomer de Ideale Tijd is om te Verhuizen in Belgi\u00eb"}]},{"@type":"WebSite","@id":"https:\/\/liftalbert.be\/#website","url":"https:\/\/liftalbert.be\/","name":"LiftAlbert.be","description":"","publisher":{"@id":"https:\/\/liftalbert.be\/#organization"},"potentialAction":[{"@type":"SearchAction","target":{"@type":"EntryPoint","urlTemplate":"https:\/\/liftalbert.be\/?s={search_term_string}"},"query-input":"required name=search_term_string"}],"inLanguage":"fr-FR"},{"@type":"Organization","@id":"https:\/\/liftalbert.be\/#organization","name":"Lift Albert","url":"https:\/\/liftalbert.be\/","logo":{"@type":"ImageObject","inLanguage":"fr-FR","@id":"https:\/\/liftalbert.be\/#\/schema\/logo\/image\/","url":"https:\/\/liftalbert.be\/wp-content\/uploads\/2022\/09\/cropped-Logo-Lift-Albert.png","contentUrl":"https:\/\/liftalbert.be\/wp-content\/uploads\/2022\/09\/cropped-Logo-Lift-Albert.png","width":200,"height":40,"caption":"Lift Albert"},"image":{"@id":"https:\/\/liftalbert.be\/#\/schema\/logo\/image\/"}},{"@type":"Person","@id":"https:\/\/liftalbert.be\/#\/schema\/person\/209d71dfc7574bc2cfee83c0200a4b43","name":"Lilia","image":{"@type":"ImageObject","inLanguage":"fr-FR","@id":"https:\/\/liftalbert.be\/#\/schema\/person\/image\/","url":"https:\/\/secure.gravatar.com\/avatar\/2640f7e7d81c8c117b0f291237f2b286?s=96&d=mm&r=g","contentUrl":"https:\/\/secure.gravatar.com\/avatar\/2640f7e7d81c8c117b0f291237f2b286?s=96&d=mm&r=g","caption":"Lilia"},"url":"https:\/\/liftalbert.be\/fr\/author\/lilia\/"}]}},"_links":{"self":[{"href":"https:\/\/liftalbert.be\/fr\/wp-json\/wp\/v2\/posts\/836"}],"collection":[{"href":"https:\/\/liftalbert.be\/fr\/wp-json\/wp\/v2\/posts"}],"about":[{"href":"https:\/\/liftalbert.be\/fr\/wp-json\/wp\/v2\/types\/post"}],"author":[{"embeddable":true,"href":"https:\/\/liftalbert.be\/fr\/wp-json\/wp\/v2\/users\/3"}],"replies":[{"embeddable":true,"href":"https:\/\/liftalbert.be\/fr\/wp-json\/wp\/v2\/comments?post=836"}],"version-history":[{"count":3,"href":"https:\/\/liftalbert.be\/fr\/wp-json\/wp\/v2\/posts\/836\/revisions"}],"predecessor-version":[{"id":840,"href":"https:\/\/liftalbert.be\/fr\/wp-json\/wp\/v2\/posts\/836\/revisions\/840"}],"wp:featuredmedia":[{"embeddable":true,"href":"https:\/\/liftalbert.be\/fr\/wp-json\/wp\/v2\/media\/934"}],"wp:attachment":[{"href":"https:\/\/liftalbert.be\/fr\/wp-json\/wp\/v2\/media?parent=836"}],"wp:term":[{"taxonomy":"category","embeddable":true,"href":"https:\/\/liftalbert.be\/fr\/wp-json\/wp\/v2\/categories?post=836"},{"taxonomy":"post_tag","embeddable":true,"href":"https:\/\/liftalbert.be\/fr\/wp-json\/wp\/v2\/tags?post=836"}],"curies":[{"name":"wp","href":"https:\/\/api.w.org\/{rel}","templated":true}]}}